{"id":989256,"date":"2023-07-14T17:56:00","date_gmt":"2023-07-14T15:56:00","guid":{"rendered":"https:\/\/www.dev-artificio.it\/fenice\/fenice-cresce-al-via-la-gestione-delle-ex-officine-daverio\/"},"modified":"2025-10-22T18:20:41","modified_gmt":"2025-10-22T16:20:41","slug":"fenice-cresce-al-via-la-gestione-delle-ex-officine-deverio","status":"publish","type":"post","link":"https:\/\/lafeniceglobalservice.com\/it\/fenice-cresce-al-via-la-gestione-delle-ex-officine-deverio\/","title":{"rendered":"Fenice cresce: al via la gestione delle ex Officine Deverio"},"content":{"rendered":"\t\t<div data-elementor-type=\"wp-post\" data-elementor-id=\"989256\" class=\"elementor elementor-989256\" data-elementor-post-type=\"post\">\n\t\t\t\t\t\t<section class=\"elementor-section elementor-top-section elementor-element elementor-element-755665a8 elementor-section-full_width elementor-section-height-default elementor-section-height-default\" data-id=\"755665a8\" data-element_type=\"section\">\n\t\t\t\t\t\t<div class=\"elementor-container elementor-column-gap-no\">\n\t\t\t\t\t<div class=\"elementor-column elementor-col-100 elementor-top-column elementor-element elementor-element-2c1af171\" data-id=\"2c1af171\" data-element_type=\"column\">\n\t\t\t<div class=\"elementor-widget-wrap elementor-element-populated\">\n\t\t\t\t\t\t<div class=\"elementor-element elementor-element-16ab0ef1 elementor-widget elementor-widget-text-editor\" data-id=\"16ab0ef1\" data-element_type=\"widget\" data-widget_type=\"text-editor.default\">\n\t\t\t\t<div class=\"elementor-widget-container\">\n\t\t\t\t\t\t\t\t\t<p><strong>Un nuovo traguardo per la nostra azienda: competenze e servizi si ampliano grazie all\u2019ingresso dell\u2019officina meccanica di precisione nel cuore del distretto lucchese.<\/strong> <br \/>Fenice compie un nuovo passo nella propria crescita: <strong>abbiamo assunto la gestione delle ex Officine Deverio di Lucca<\/strong>, entrando cos\u00ec nel cuore del distretto cartario lucchese.<\/p><p>Grazie a questa integrazione, <strong>ampliamo i nostri servizi<\/strong> con un settore strategico come l\u2019officina meccanica di precisione, rafforzando la capacit\u00e0 di rispondere alle esigenze dei clienti con soluzioni ancora pi\u00f9 complete e diversificate.<\/p><p>Un team altamente specializzato, con un\u2019esperienza decennale nella costruzione di parti meccaniche a disegno e nel montaggio di impianti industriali, entra a far parte della nostra realt\u00e0. Con queste nuove competenze, Fenice potr\u00e0 offrire attivit\u00e0 che spaziano dalle installazioni meccaniche all\u2019impiantistica generale, fino agli ambiti pneumatico, elettrico ed elettronico.<\/p><p>Per il CEO <strong>Daniele Delpin<\/strong>, \u201c<em>questa mossa strategica espande le nostre capacit\u00e0 nel distretto lucchese e rafforza la nostra posizione di fornitore di servizi completi per l\u2019industria del tissue e della carta in generale<\/em>\u201d.<\/p><p>Un rafforzamento sottolineato anche da <strong>Roberto Stenta di ANEA Italia<\/strong>, che evidenzia come \u201c<em>grazie alla nuova struttura dedicata alla produzione di parti meccaniche a disegno, Fenice avr\u00e0 l\u2019opportunit\u00e0 di crescere ulteriormente nel mercato, mettendo a disposizione nuove aree di montaggio nel cuore del distretto cartario lucchese<\/em>\u201d.<\/p><p>Questa operazione rappresenta dunque non solo un ampliamento della nostra offerta, ma anche una <strong>conferma della volont\u00e0 di crescere come partner globale per l\u2019industria<\/strong>, rafforzando la presenza sul territorio e ponendo solide basi per sviluppi futuri.<\/p>\t\t\t\t\t\t\t\t<\/div>\n\t\t\t\t<\/div>\n\t\t\t\t\t<\/div>\n\t\t<\/div>\n\t\t\t\t\t<\/div>\n\t\t<\/section>\n\t\t\t\t<\/div>\n\t\t","protected":false},"excerpt":{"rendered":"<p>Un nuovo traguardo per la nostra azienda: competenze e servizi si ampliano grazie all\u2019ingresso dell\u2019officina meccanica di precisione nel cuore del distretto lucchese.<\/p>\n","protected":false},"author":1,"featured_media":989253,"comment_status":"closed","ping_status":"closed","sticky":false,"template":"","format":"standard","meta":{"footnotes":""},"categories":[62],"tags":[],"class_list":["post-989256","post","type-post","status-publish","format-standard","has-post-thumbnail","hentry","category-press-release-it"],"yoast_head":"<!-- This site is optimized with the Yoast SEO plugin v25.8 - https:\/\/yoast.com\/wordpress\/plugins\/seo\/ -->\n<title>Fenice cresce: al via la gestione delle ex Officine Deverio - Fenice Global Service<\/title>\n<meta name=\"robots\" content=\"index, follow, max-snippet:-1, max-image-preview:large, max-video-preview:-1\" \/>\n<link rel=\"canonical\" href=\"https:\/\/lafeniceglobalservice.com\/fenice-expands-taking-over-the-former-officine-deverio\/\" \/>\n<meta property=\"og:locale\" content=\"it_IT\" \/>\n<meta property=\"og:type\" content=\"article\" \/>\n<meta property=\"og:title\" content=\"Fenice cresce: al via la gestione delle ex Officine Deverio - Fenice Global Service\" \/>\n<meta property=\"og:description\" content=\"Un nuovo traguardo per la nostra azienda: competenze e servizi si ampliano grazie all\u2019ingresso dell\u2019officina meccanica di precisione nel cuore del distretto lucchese.\" \/>\n<meta property=\"og:url\" content=\"https:\/\/lafeniceglobalservice.com\/fenice-expands-taking-over-the-former-officine-deverio\/\" \/>\n<meta property=\"og:site_name\" content=\"Fenice Global Service\" \/>\n<meta property=\"article:published_time\" content=\"2023-07-14T15:56:00+00:00\" \/>\n<meta property=\"article:modified_time\" content=\"2025-10-22T16:20:41+00:00\" \/>\n<meta property=\"og:image\" content=\"https:\/\/lafeniceglobalservice.com\/wp-content\/uploads\/2023\/07\/528787560_122239248416185456_8891628853054171957_n.jpg\" \/>\n\t<meta property=\"og:image:width\" content=\"900\" \/>\n\t<meta property=\"og:image:height\" content=\"450\" \/>\n\t<meta property=\"og:image:type\" content=\"image\/jpeg\" \/>\n<meta name=\"author\" content=\"eva@artificio-comunicazione.it\" \/>\n<meta name=\"twitter:card\" content=\"summary_large_image\" \/>\n<meta name=\"twitter:label1\" content=\"Scritto da\" \/>\n\t<meta name=\"twitter:data1\" content=\"eva@artificio-comunicazione.it\" \/>\n\t<meta name=\"twitter:label2\" content=\"Tempo di lettura stimato\" \/>\n\t<meta name=\"twitter:data2\" content=\"1 minuto\" \/>\n<script type=\"application\/ld+json\" class=\"yoast-schema-graph\">{\"@context\":\"https:\/\/schema.org\",\"@graph\":[{\"@type\":\"Article\",\"@id\":\"https:\/\/lafeniceglobalservice.com\/fenice-expands-taking-over-the-former-officine-deverio\/#article\",\"isPartOf\":{\"@id\":\"https:\/\/lafeniceglobalservice.com\/fenice-expands-taking-over-the-former-officine-deverio\/\"},\"author\":{\"name\":\"eva@artificio-comunicazione.it\",\"@id\":\"https:\/\/lafeniceglobalservice.com\/#\/schema\/person\/2515464072be458c260bea115908fc71\"},\"headline\":\"Fenice cresce: al via la gestione delle ex Officine Deverio\",\"datePublished\":\"2023-07-14T15:56:00+00:00\",\"dateModified\":\"2025-10-22T16:20:41+00:00\",\"mainEntityOfPage\":{\"@id\":\"https:\/\/lafeniceglobalservice.com\/fenice-expands-taking-over-the-former-officine-deverio\/\"},\"wordCount\":265,\"publisher\":{\"@id\":\"https:\/\/lafeniceglobalservice.com\/#organization\"},\"image\":{\"@id\":\"https:\/\/lafeniceglobalservice.com\/fenice-expands-taking-over-the-former-officine-deverio\/#primaryimage\"},\"thumbnailUrl\":\"https:\/\/lafeniceglobalservice.com\/wp-content\/uploads\/2023\/07\/528787560_122239248416185456_8891628853054171957_n.jpg\",\"articleSection\":[\"Press Release\"],\"inLanguage\":\"it-IT\"},{\"@type\":\"WebPage\",\"@id\":\"https:\/\/lafeniceglobalservice.com\/fenice-expands-taking-over-the-former-officine-deverio\/\",\"url\":\"https:\/\/lafeniceglobalservice.com\/fenice-expands-taking-over-the-former-officine-deverio\/\",\"name\":\"Fenice cresce: al via la gestione delle ex Officine Deverio - Fenice Global Service\",\"isPartOf\":{\"@id\":\"https:\/\/lafeniceglobalservice.com\/#website\"},\"primaryImageOfPage\":{\"@id\":\"https:\/\/lafeniceglobalservice.com\/fenice-expands-taking-over-the-former-officine-deverio\/#primaryimage\"},\"image\":{\"@id\":\"https:\/\/lafeniceglobalservice.com\/fenice-expands-taking-over-the-former-officine-deverio\/#primaryimage\"},\"thumbnailUrl\":\"https:\/\/lafeniceglobalservice.com\/wp-content\/uploads\/2023\/07\/528787560_122239248416185456_8891628853054171957_n.jpg\",\"datePublished\":\"2023-07-14T15:56:00+00:00\",\"dateModified\":\"2025-10-22T16:20:41+00:00\",\"breadcrumb\":{\"@id\":\"https:\/\/lafeniceglobalservice.com\/fenice-expands-taking-over-the-former-officine-deverio\/#breadcrumb\"},\"inLanguage\":\"it-IT\",\"potentialAction\":[{\"@type\":\"ReadAction\",\"target\":[\"https:\/\/lafeniceglobalservice.com\/fenice-expands-taking-over-the-former-officine-deverio\/\"]}]},{\"@type\":\"ImageObject\",\"inLanguage\":\"it-IT\",\"@id\":\"https:\/\/lafeniceglobalservice.com\/fenice-expands-taking-over-the-former-officine-deverio\/#primaryimage\",\"url\":\"https:\/\/lafeniceglobalservice.com\/wp-content\/uploads\/2023\/07\/528787560_122239248416185456_8891628853054171957_n.jpg\",\"contentUrl\":\"https:\/\/lafeniceglobalservice.com\/wp-content\/uploads\/2023\/07\/528787560_122239248416185456_8891628853054171957_n.jpg\",\"width\":900,\"height\":450},{\"@type\":\"BreadcrumbList\",\"@id\":\"https:\/\/lafeniceglobalservice.com\/fenice-expands-taking-over-the-former-officine-deverio\/#breadcrumb\",\"itemListElement\":[{\"@type\":\"ListItem\",\"position\":1,\"name\":\"Home\",\"item\":\"https:\/\/lafeniceglobalservice.com\/\"},{\"@type\":\"ListItem\",\"position\":2,\"name\":\"Fenice cresce: al via la gestione delle ex Officine Deverio\"}]},{\"@type\":\"WebSite\",\"@id\":\"https:\/\/lafeniceglobalservice.com\/#website\",\"url\":\"https:\/\/lafeniceglobalservice.com\/\",\"name\":\"Fenice Global Service\",\"description\":\"\",\"publisher\":{\"@id\":\"https:\/\/lafeniceglobalservice.com\/#organization\"},\"potentialAction\":[{\"@type\":\"SearchAction\",\"target\":{\"@type\":\"EntryPoint\",\"urlTemplate\":\"https:\/\/lafeniceglobalservice.com\/?s={search_term_string}\"},\"query-input\":{\"@type\":\"PropertyValueSpecification\",\"valueRequired\":true,\"valueName\":\"search_term_string\"}}],\"inLanguage\":\"it-IT\"},{\"@type\":\"Organization\",\"@id\":\"https:\/\/lafeniceglobalservice.com\/#organization\",\"name\":\"Fenice Global Service\",\"url\":\"https:\/\/lafeniceglobalservice.com\/\",\"logo\":{\"@type\":\"ImageObject\",\"inLanguage\":\"it-IT\",\"@id\":\"https:\/\/lafeniceglobalservice.com\/#\/schema\/logo\/image\/\",\"url\":\"https:\/\/lafeniceglobalservice.com\/wp-content\/uploads\/2023\/07\/logo-fenice.webp\",\"contentUrl\":\"https:\/\/lafeniceglobalservice.com\/wp-content\/uploads\/2023\/07\/logo-fenice.webp\",\"width\":576,\"height\":156,\"caption\":\"Fenice Global Service\"},\"image\":{\"@id\":\"https:\/\/lafeniceglobalservice.com\/#\/schema\/logo\/image\/\"}},{\"@type\":\"Person\",\"@id\":\"https:\/\/lafeniceglobalservice.com\/#\/schema\/person\/2515464072be458c260bea115908fc71\",\"name\":\"eva@artificio-comunicazione.it\",\"image\":{\"@type\":\"ImageObject\",\"inLanguage\":\"it-IT\",\"@id\":\"https:\/\/lafeniceglobalservice.com\/#\/schema\/person\/image\/\",\"url\":\"https:\/\/secure.gravatar.com\/avatar\/b9e328743a5b78d8a333c10690241f7eafe5f7dc8092dba0030b7aaff6eabe5a?s=96&d=mm&r=g\",\"contentUrl\":\"https:\/\/secure.gravatar.com\/avatar\/b9e328743a5b78d8a333c10690241f7eafe5f7dc8092dba0030b7aaff6eabe5a?s=96&d=mm&r=g\",\"caption\":\"eva@artificio-comunicazione.it\"},\"sameAs\":[\"https:\/\/www.dev-artificio.it\/fenice\"],\"url\":\"https:\/\/lafeniceglobalservice.com\/it\/author\/evaartificio-comunicazione-it\/\"}]}<\/script>\n<!-- \/ Yoast SEO plugin. -->","yoast_head_json":{"title":"Fenice cresce: al via la gestione delle ex Officine Deverio - Fenice Global Service","robots":{"index":"index","follow":"follow","max-snippet":"max-snippet:-1","max-image-preview":"max-image-preview:large","max-video-preview":"max-video-preview:-1"},"canonical":"https:\/\/lafeniceglobalservice.com\/fenice-expands-taking-over-the-former-officine-deverio\/","og_locale":"it_IT","og_type":"article","og_title":"Fenice cresce: al via la gestione delle ex Officine Deverio - Fenice Global Service","og_description":"Un nuovo traguardo per la nostra azienda: competenze e servizi si ampliano grazie all\u2019ingresso dell\u2019officina meccanica di precisione nel cuore del distretto lucchese.","og_url":"https:\/\/lafeniceglobalservice.com\/fenice-expands-taking-over-the-former-officine-deverio\/","og_site_name":"Fenice Global Service","article_published_time":"2023-07-14T15:56:00+00:00","article_modified_time":"2025-10-22T16:20:41+00:00","og_image":[{"width":900,"height":450,"url":"https:\/\/lafeniceglobalservice.com\/wp-content\/uploads\/2023\/07\/528787560_122239248416185456_8891628853054171957_n.jpg","type":"image\/jpeg"}],"author":"eva@artificio-comunicazione.it","twitter_card":"summary_large_image","twitter_misc":{"Scritto da":"eva@artificio-comunicazione.it","Tempo di lettura stimato":"1 minuto"},"schema":{"@context":"https:\/\/schema.org","@graph":[{"@type":"Article","@id":"https:\/\/lafeniceglobalservice.com\/fenice-expands-taking-over-the-former-officine-deverio\/#article","isPartOf":{"@id":"https:\/\/lafeniceglobalservice.com\/fenice-expands-taking-over-the-former-officine-deverio\/"},"author":{"name":"eva@artificio-comunicazione.it","@id":"https:\/\/lafeniceglobalservice.com\/#\/schema\/person\/2515464072be458c260bea115908fc71"},"headline":"Fenice cresce: al via la gestione delle ex Officine Deverio","datePublished":"2023-07-14T15:56:00+00:00","dateModified":"2025-10-22T16:20:41+00:00","mainEntityOfPage":{"@id":"https:\/\/lafeniceglobalservice.com\/fenice-expands-taking-over-the-former-officine-deverio\/"},"wordCount":265,"publisher":{"@id":"https:\/\/lafeniceglobalservice.com\/#organization"},"image":{"@id":"https:\/\/lafeniceglobalservice.com\/fenice-expands-taking-over-the-former-officine-deverio\/#primaryimage"},"thumbnailUrl":"https:\/\/lafeniceglobalservice.com\/wp-content\/uploads\/2023\/07\/528787560_122239248416185456_8891628853054171957_n.jpg","articleSection":["Press Release"],"inLanguage":"it-IT"},{"@type":"WebPage","@id":"https:\/\/lafeniceglobalservice.com\/fenice-expands-taking-over-the-former-officine-deverio\/","url":"https:\/\/lafeniceglobalservice.com\/fenice-expands-taking-over-the-former-officine-deverio\/","name":"Fenice cresce: al via la gestione delle ex Officine Deverio - Fenice Global Service","isPartOf":{"@id":"https:\/\/lafeniceglobalservice.com\/#website"},"primaryImageOfPage":{"@id":"https:\/\/lafeniceglobalservice.com\/fenice-expands-taking-over-the-former-officine-deverio\/#primaryimage"},"image":{"@id":"https:\/\/lafeniceglobalservice.com\/fenice-expands-taking-over-the-former-officine-deverio\/#primaryimage"},"thumbnailUrl":"https:\/\/lafeniceglobalservice.com\/wp-content\/uploads\/2023\/07\/528787560_122239248416185456_8891628853054171957_n.jpg","datePublished":"2023-07-14T15:56:00+00:00","dateModified":"2025-10-22T16:20:41+00:00","breadcrumb":{"@id":"https:\/\/lafeniceglobalservice.com\/fenice-expands-taking-over-the-former-officine-deverio\/#breadcrumb"},"inLanguage":"it-IT","potentialAction":[{"@type":"ReadAction","target":["https:\/\/lafeniceglobalservice.com\/fenice-expands-taking-over-the-former-officine-deverio\/"]}]},{"@type":"ImageObject","inLanguage":"it-IT","@id":"https:\/\/lafeniceglobalservice.com\/fenice-expands-taking-over-the-former-officine-deverio\/#primaryimage","url":"https:\/\/lafeniceglobalservice.com\/wp-content\/uploads\/2023\/07\/528787560_122239248416185456_8891628853054171957_n.jpg","contentUrl":"https:\/\/lafeniceglobalservice.com\/wp-content\/uploads\/2023\/07\/528787560_122239248416185456_8891628853054171957_n.jpg","width":900,"height":450},{"@type":"BreadcrumbList","@id":"https:\/\/lafeniceglobalservice.com\/fenice-expands-taking-over-the-former-officine-deverio\/#breadcrumb","itemListElement":[{"@type":"ListItem","position":1,"name":"Home","item":"https:\/\/lafeniceglobalservice.com\/"},{"@type":"ListItem","position":2,"name":"Fenice cresce: al via la gestione delle ex Officine Deverio"}]},{"@type":"WebSite","@id":"https:\/\/lafeniceglobalservice.com\/#website","url":"https:\/\/lafeniceglobalservice.com\/","name":"Fenice Global Service","description":"","publisher":{"@id":"https:\/\/lafeniceglobalservice.com\/#organization"},"potentialAction":[{"@type":"SearchAction","target":{"@type":"EntryPoint","urlTemplate":"https:\/\/lafeniceglobalservice.com\/?s={search_term_string}"},"query-input":{"@type":"PropertyValueSpecification","valueRequired":true,"valueName":"search_term_string"}}],"inLanguage":"it-IT"},{"@type":"Organization","@id":"https:\/\/lafeniceglobalservice.com\/#organization","name":"Fenice Global Service","url":"https:\/\/lafeniceglobalservice.com\/","logo":{"@type":"ImageObject","inLanguage":"it-IT","@id":"https:\/\/lafeniceglobalservice.com\/#\/schema\/logo\/image\/","url":"https:\/\/lafeniceglobalservice.com\/wp-content\/uploads\/2023\/07\/logo-fenice.webp","contentUrl":"https:\/\/lafeniceglobalservice.com\/wp-content\/uploads\/2023\/07\/logo-fenice.webp","width":576,"height":156,"caption":"Fenice Global Service"},"image":{"@id":"https:\/\/lafeniceglobalservice.com\/#\/schema\/logo\/image\/"}},{"@type":"Person","@id":"https:\/\/lafeniceglobalservice.com\/#\/schema\/person\/2515464072be458c260bea115908fc71","name":"eva@artificio-comunicazione.it","image":{"@type":"ImageObject","inLanguage":"it-IT","@id":"https:\/\/lafeniceglobalservice.com\/#\/schema\/person\/image\/","url":"https:\/\/secure.gravatar.com\/avatar\/b9e328743a5b78d8a333c10690241f7eafe5f7dc8092dba0030b7aaff6eabe5a?s=96&d=mm&r=g","contentUrl":"https:\/\/secure.gravatar.com\/avatar\/b9e328743a5b78d8a333c10690241f7eafe5f7dc8092dba0030b7aaff6eabe5a?s=96&d=mm&r=g","caption":"eva@artificio-comunicazione.it"},"sameAs":["https:\/\/www.dev-artificio.it\/fenice"],"url":"https:\/\/lafeniceglobalservice.com\/it\/author\/evaartificio-comunicazione-it\/"}]}},"_links":{"self":[{"href":"https:\/\/lafeniceglobalservice.com\/it\/wp-json\/wp\/v2\/posts\/989256","targetHints":{"allow":["GET"]}}],"collection":[{"href":"https:\/\/lafeniceglobalservice.com\/it\/wp-json\/wp\/v2\/posts"}],"about":[{"href":"https:\/\/lafeniceglobalservice.com\/it\/wp-json\/wp\/v2\/types\/post"}],"author":[{"embeddable":true,"href":"https:\/\/lafeniceglobalservice.com\/it\/wp-json\/wp\/v2\/users\/1"}],"replies":[{"embeddable":true,"href":"https:\/\/lafeniceglobalservice.com\/it\/wp-json\/wp\/v2\/comments?post=989256"}],"version-history":[{"count":6,"href":"https:\/\/lafeniceglobalservice.com\/it\/wp-json\/wp\/v2\/posts\/989256\/revisions"}],"predecessor-version":[{"id":989371,"href":"https:\/\/lafeniceglobalservice.com\/it\/wp-json\/wp\/v2\/posts\/989256\/revisions\/989371"}],"wp:featuredmedia":[{"embeddable":true,"href":"https:\/\/lafeniceglobalservice.com\/it\/wp-json\/wp\/v2\/media\/989253"}],"wp:attachment":[{"href":"https:\/\/lafeniceglobalservice.com\/it\/wp-json\/wp\/v2\/media?parent=989256"}],"wp:term":[{"taxonomy":"category","embeddable":true,"href":"https:\/\/lafeniceglobalservice.com\/it\/wp-json\/wp\/v2\/categories?post=989256"},{"taxonomy":"post_tag","embeddable":true,"href":"https:\/\/lafeniceglobalservice.com\/it\/wp-json\/wp\/v2\/tags?post=989256"}],"curies":[{"name":"wp","href":"https:\/\/api.w.org\/{rel}","templated":true}]}}