{"id":990068,"date":"2026-01-12T17:47:16","date_gmt":"2026-01-12T16:47:16","guid":{"rendered":"https:\/\/lafeniceglobalservice.com\/?p=990068"},"modified":"2026-01-12T17:51:05","modified_gmt":"2026-01-12T16:51:05","slug":"cena-aziendale-2025-il-valore-di-un-percorso-condiviso","status":"publish","type":"post","link":"https:\/\/lafeniceglobalservice.com\/it\/cena-aziendale-2025-il-valore-di-un-percorso-condiviso\/","title":{"rendered":"Cena Aziendale 2025: il valore di un percorso condiviso"},"content":{"rendered":"<div class=\"vgblk-rw-wrapper limit-wrapper\">\u00c8 stato un piacere ritrovarci insieme in occasione della Cena Aziendale 2025, un momento importante per celebrare i traguardi raggiunti e il percorso costruito in questi anni. Arrivati al 14\u00b0 anno di attivit\u00e0, La Fenice continua a crescere: dalle 3 persone del 2011 alle 179 di oggi, dai 300 mq iniziali agli oltre 8.000 mq attuali. Numeri che raccontano un\u2019evoluzione significativa, frutto di impegno costante, competenza e visione condivisa. Un risultato reso possibile anche grazie alla fiducia dei nostri clienti, che ogni giorno scelgono La Fenice come partner solido e affidabile, riconoscendo la qualit\u00e0 e la continuit\u00e0 dei servizi offerti. Il 2025 ha segnato inoltre la conclusione del primo anno del nuovo assetto societario, un passaggio significativo nella storia recente dell\u2019azienda. La collaborazione tra FENICE e ANEA \u00e8 iniziata da pochi mesi, ma i risultati ottenuti confermano la solidit\u00e0 di questo nuovo percorso. Una serata per fermarsi, guardare al cammino fatto e ripartire con ancora pi\u00f9 energia: siamo pronti per i prossimi obiettivi.<\/div>\n<p><!-- .vgblk-rw-wrapper --><\/p>\n","protected":false},"excerpt":{"rendered":"<p>\u00c8 stato un piacere ritrovarci insieme in occasione della Cena Aziendale 2025, un momento importante per celebrare i traguardi raggiunti e il percorso costruito in questi anni. Arrivati al 14\u00b0 anno di attivit\u00e0, La Fenice continua a crescere: dalle 3 persone del 2011 alle 179 di oggi, dai 300 mq iniziali agli oltre 8.000 mq&#8230;<\/p>\n","protected":false},"author":1,"featured_media":990059,"comment_status":"open","ping_status":"open","sticky":false,"template":"","format":"standard","meta":{"footnotes":""},"categories":[62],"tags":[],"class_list":["post-990068","post","type-post","status-publish","format-standard","has-post-thumbnail","hentry","category-press-release-it"],"yoast_head":"<!-- This site is optimized with the Yoast SEO plugin v25.8 - https:\/\/yoast.com\/wordpress\/plugins\/seo\/ -->\n<title>Cena Aziendale 2025: il valore di un percorso condiviso - Fenice Global Service<\/title>\n<meta name=\"description\" content=\"La Fenice Global Service celebra la Cena Aziendale 2025, un momento di condivisione per ripercorrere 14 anni di crescita, risultati raggiunti e il primo anno del nuovo assetto societario.\" \/>\n<meta name=\"robots\" content=\"index, follow, max-snippet:-1, max-image-preview:large, max-video-preview:-1\" \/>\n<link rel=\"canonical\" href=\"https:\/\/lafeniceglobalservice.com\/it\/cena-aziendale-2025-il-valore-di-un-percorso-condiviso\/\" \/>\n<meta property=\"og:locale\" content=\"it_IT\" \/>\n<meta property=\"og:type\" content=\"article\" \/>\n<meta property=\"og:title\" content=\"Cena Aziendale 2025: il valore di un percorso condiviso - Fenice Global Service\" \/>\n<meta property=\"og:description\" content=\"La Fenice Global Service celebra la Cena Aziendale 2025, un momento di condivisione per ripercorrere 14 anni di crescita, risultati raggiunti e il primo anno del nuovo assetto societario.\" \/>\n<meta property=\"og:url\" content=\"https:\/\/lafeniceglobalservice.com\/it\/cena-aziendale-2025-il-valore-di-un-percorso-condiviso\/\" \/>\n<meta property=\"og:site_name\" content=\"Fenice Global Service\" \/>\n<meta property=\"article:published_time\" content=\"2026-01-12T16:47:16+00:00\" \/>\n<meta property=\"article:modified_time\" content=\"2026-01-12T16:51:05+00:00\" \/>\n<meta property=\"og:image\" content=\"https:\/\/lafeniceglobalservice.com\/wp-content\/uploads\/2026\/01\/Progetto-senza-titolo-2.png\" \/>\n\t<meta property=\"og:image:width\" content=\"900\" \/>\n\t<meta property=\"og:image:height\" content=\"450\" \/>\n\t<meta property=\"og:image:type\" content=\"image\/png\" \/>\n<meta name=\"author\" content=\"eva@artificio-comunicazione.it\" \/>\n<meta name=\"twitter:card\" content=\"summary_large_image\" \/>\n<meta name=\"twitter:label1\" content=\"Scritto da\" \/>\n\t<meta name=\"twitter:data1\" content=\"eva@artificio-comunicazione.it\" \/>\n\t<meta name=\"twitter:label2\" content=\"Tempo di lettura stimato\" \/>\n\t<meta name=\"twitter:data2\" content=\"1 minuto\" \/>\n<script type=\"application\/ld+json\" class=\"yoast-schema-graph\">{\"@context\":\"https:\/\/schema.org\",\"@graph\":[{\"@type\":\"Article\",\"@id\":\"https:\/\/lafeniceglobalservice.com\/it\/cena-aziendale-2025-il-valore-di-un-percorso-condiviso\/#article\",\"isPartOf\":{\"@id\":\"https:\/\/lafeniceglobalservice.com\/it\/cena-aziendale-2025-il-valore-di-un-percorso-condiviso\/\"},\"author\":{\"name\":\"eva@artificio-comunicazione.it\",\"@id\":\"https:\/\/lafeniceglobalservice.com\/#\/schema\/person\/2515464072be458c260bea115908fc71\"},\"headline\":\"Cena Aziendale 2025: il valore di un percorso condiviso\",\"datePublished\":\"2026-01-12T16:47:16+00:00\",\"dateModified\":\"2026-01-12T16:51:05+00:00\",\"mainEntityOfPage\":{\"@id\":\"https:\/\/lafeniceglobalservice.com\/it\/cena-aziendale-2025-il-valore-di-un-percorso-condiviso\/\"},\"wordCount\":163,\"commentCount\":0,\"publisher\":{\"@id\":\"https:\/\/lafeniceglobalservice.com\/#organization\"},\"image\":{\"@id\":\"https:\/\/lafeniceglobalservice.com\/it\/cena-aziendale-2025-il-valore-di-un-percorso-condiviso\/#primaryimage\"},\"thumbnailUrl\":\"https:\/\/lafeniceglobalservice.com\/wp-content\/uploads\/2026\/01\/Progetto-senza-titolo-2.png\",\"articleSection\":[\"Press Release\"],\"inLanguage\":\"it-IT\",\"potentialAction\":[{\"@type\":\"CommentAction\",\"name\":\"Comment\",\"target\":[\"https:\/\/lafeniceglobalservice.com\/it\/cena-aziendale-2025-il-valore-di-un-percorso-condiviso\/#respond\"]}]},{\"@type\":\"WebPage\",\"@id\":\"https:\/\/lafeniceglobalservice.com\/it\/cena-aziendale-2025-il-valore-di-un-percorso-condiviso\/\",\"url\":\"https:\/\/lafeniceglobalservice.com\/it\/cena-aziendale-2025-il-valore-di-un-percorso-condiviso\/\",\"name\":\"Cena Aziendale 2025: il valore di un percorso condiviso - Fenice Global Service\",\"isPartOf\":{\"@id\":\"https:\/\/lafeniceglobalservice.com\/#website\"},\"primaryImageOfPage\":{\"@id\":\"https:\/\/lafeniceglobalservice.com\/it\/cena-aziendale-2025-il-valore-di-un-percorso-condiviso\/#primaryimage\"},\"image\":{\"@id\":\"https:\/\/lafeniceglobalservice.com\/it\/cena-aziendale-2025-il-valore-di-un-percorso-condiviso\/#primaryimage\"},\"thumbnailUrl\":\"https:\/\/lafeniceglobalservice.com\/wp-content\/uploads\/2026\/01\/Progetto-senza-titolo-2.png\",\"datePublished\":\"2026-01-12T16:47:16+00:00\",\"dateModified\":\"2026-01-12T16:51:05+00:00\",\"description\":\"La Fenice Global Service celebra la Cena Aziendale 2025, un momento di condivisione per ripercorrere 14 anni di crescita, risultati raggiunti e il primo anno del nuovo assetto societario.\",\"breadcrumb\":{\"@id\":\"https:\/\/lafeniceglobalservice.com\/it\/cena-aziendale-2025-il-valore-di-un-percorso-condiviso\/#breadcrumb\"},\"inLanguage\":\"it-IT\",\"potentialAction\":[{\"@type\":\"ReadAction\",\"target\":[\"https:\/\/lafeniceglobalservice.com\/it\/cena-aziendale-2025-il-valore-di-un-percorso-condiviso\/\"]}]},{\"@type\":\"ImageObject\",\"inLanguage\":\"it-IT\",\"@id\":\"https:\/\/lafeniceglobalservice.com\/it\/cena-aziendale-2025-il-valore-di-un-percorso-condiviso\/#primaryimage\",\"url\":\"https:\/\/lafeniceglobalservice.com\/wp-content\/uploads\/2026\/01\/Progetto-senza-titolo-2.png\",\"contentUrl\":\"https:\/\/lafeniceglobalservice.com\/wp-content\/uploads\/2026\/01\/Progetto-senza-titolo-2.png\",\"width\":900,\"height\":450},{\"@type\":\"BreadcrumbList\",\"@id\":\"https:\/\/lafeniceglobalservice.com\/it\/cena-aziendale-2025-il-valore-di-un-percorso-condiviso\/#breadcrumb\",\"itemListElement\":[{\"@type\":\"ListItem\",\"position\":1,\"name\":\"Home\",\"item\":\"https:\/\/lafeniceglobalservice.com\/\"},{\"@type\":\"ListItem\",\"position\":2,\"name\":\"Cena Aziendale 2025: il valore di un percorso condiviso\"}]},{\"@type\":\"WebSite\",\"@id\":\"https:\/\/lafeniceglobalservice.com\/#website\",\"url\":\"https:\/\/lafeniceglobalservice.com\/\",\"name\":\"Fenice Global Service\",\"description\":\"\",\"publisher\":{\"@id\":\"https:\/\/lafeniceglobalservice.com\/#organization\"},\"potentialAction\":[{\"@type\":\"SearchAction\",\"target\":{\"@type\":\"EntryPoint\",\"urlTemplate\":\"https:\/\/lafeniceglobalservice.com\/?s={search_term_string}\"},\"query-input\":{\"@type\":\"PropertyValueSpecification\",\"valueRequired\":true,\"valueName\":\"search_term_string\"}}],\"inLanguage\":\"it-IT\"},{\"@type\":\"Organization\",\"@id\":\"https:\/\/lafeniceglobalservice.com\/#organization\",\"name\":\"Fenice Global Service\",\"url\":\"https:\/\/lafeniceglobalservice.com\/\",\"logo\":{\"@type\":\"ImageObject\",\"inLanguage\":\"it-IT\",\"@id\":\"https:\/\/lafeniceglobalservice.com\/#\/schema\/logo\/image\/\",\"url\":\"https:\/\/lafeniceglobalservice.com\/wp-content\/uploads\/2023\/07\/logo-fenice.webp\",\"contentUrl\":\"https:\/\/lafeniceglobalservice.com\/wp-content\/uploads\/2023\/07\/logo-fenice.webp\",\"width\":576,\"height\":156,\"caption\":\"Fenice Global Service\"},\"image\":{\"@id\":\"https:\/\/lafeniceglobalservice.com\/#\/schema\/logo\/image\/\"}},{\"@type\":\"Person\",\"@id\":\"https:\/\/lafeniceglobalservice.com\/#\/schema\/person\/2515464072be458c260bea115908fc71\",\"name\":\"eva@artificio-comunicazione.it\",\"image\":{\"@type\":\"ImageObject\",\"inLanguage\":\"it-IT\",\"@id\":\"https:\/\/lafeniceglobalservice.com\/#\/schema\/person\/image\/\",\"url\":\"https:\/\/secure.gravatar.com\/avatar\/b9e328743a5b78d8a333c10690241f7eafe5f7dc8092dba0030b7aaff6eabe5a?s=96&d=mm&r=g\",\"contentUrl\":\"https:\/\/secure.gravatar.com\/avatar\/b9e328743a5b78d8a333c10690241f7eafe5f7dc8092dba0030b7aaff6eabe5a?s=96&d=mm&r=g\",\"caption\":\"eva@artificio-comunicazione.it\"},\"sameAs\":[\"https:\/\/www.dev-artificio.it\/fenice\"],\"url\":\"https:\/\/lafeniceglobalservice.com\/it\/author\/evaartificio-comunicazione-it\/\"}]}<\/script>\n<!-- \/ Yoast SEO plugin. -->","yoast_head_json":{"title":"Cena Aziendale 2025: il valore di un percorso condiviso - Fenice Global Service","description":"La Fenice Global Service celebra la Cena Aziendale 2025, un momento di condivisione per ripercorrere 14 anni di crescita, risultati raggiunti e il primo anno del nuovo assetto societario.","robots":{"index":"index","follow":"follow","max-snippet":"max-snippet:-1","max-image-preview":"max-image-preview:large","max-video-preview":"max-video-preview:-1"},"canonical":"https:\/\/lafeniceglobalservice.com\/it\/cena-aziendale-2025-il-valore-di-un-percorso-condiviso\/","og_locale":"it_IT","og_type":"article","og_title":"Cena Aziendale 2025: il valore di un percorso condiviso - Fenice Global Service","og_description":"La Fenice Global Service celebra la Cena Aziendale 2025, un momento di condivisione per ripercorrere 14 anni di crescita, risultati raggiunti e il primo anno del nuovo assetto societario.","og_url":"https:\/\/lafeniceglobalservice.com\/it\/cena-aziendale-2025-il-valore-di-un-percorso-condiviso\/","og_site_name":"Fenice Global Service","article_published_time":"2026-01-12T16:47:16+00:00","article_modified_time":"2026-01-12T16:51:05+00:00","og_image":[{"width":900,"height":450,"url":"https:\/\/lafeniceglobalservice.com\/wp-content\/uploads\/2026\/01\/Progetto-senza-titolo-2.png","type":"image\/png"}],"author":"eva@artificio-comunicazione.it","twitter_card":"summary_large_image","twitter_misc":{"Scritto da":"eva@artificio-comunicazione.it","Tempo di lettura stimato":"1 minuto"},"schema":{"@context":"https:\/\/schema.org","@graph":[{"@type":"Article","@id":"https:\/\/lafeniceglobalservice.com\/it\/cena-aziendale-2025-il-valore-di-un-percorso-condiviso\/#article","isPartOf":{"@id":"https:\/\/lafeniceglobalservice.com\/it\/cena-aziendale-2025-il-valore-di-un-percorso-condiviso\/"},"author":{"name":"eva@artificio-comunicazione.it","@id":"https:\/\/lafeniceglobalservice.com\/#\/schema\/person\/2515464072be458c260bea115908fc71"},"headline":"Cena Aziendale 2025: il valore di un percorso condiviso","datePublished":"2026-01-12T16:47:16+00:00","dateModified":"2026-01-12T16:51:05+00:00","mainEntityOfPage":{"@id":"https:\/\/lafeniceglobalservice.com\/it\/cena-aziendale-2025-il-valore-di-un-percorso-condiviso\/"},"wordCount":163,"commentCount":0,"publisher":{"@id":"https:\/\/lafeniceglobalservice.com\/#organization"},"image":{"@id":"https:\/\/lafeniceglobalservice.com\/it\/cena-aziendale-2025-il-valore-di-un-percorso-condiviso\/#primaryimage"},"thumbnailUrl":"https:\/\/lafeniceglobalservice.com\/wp-content\/uploads\/2026\/01\/Progetto-senza-titolo-2.png","articleSection":["Press Release"],"inLanguage":"it-IT","potentialAction":[{"@type":"CommentAction","name":"Comment","target":["https:\/\/lafeniceglobalservice.com\/it\/cena-aziendale-2025-il-valore-di-un-percorso-condiviso\/#respond"]}]},{"@type":"WebPage","@id":"https:\/\/lafeniceglobalservice.com\/it\/cena-aziendale-2025-il-valore-di-un-percorso-condiviso\/","url":"https:\/\/lafeniceglobalservice.com\/it\/cena-aziendale-2025-il-valore-di-un-percorso-condiviso\/","name":"Cena Aziendale 2025: il valore di un percorso condiviso - Fenice Global Service","isPartOf":{"@id":"https:\/\/lafeniceglobalservice.com\/#website"},"primaryImageOfPage":{"@id":"https:\/\/lafeniceglobalservice.com\/it\/cena-aziendale-2025-il-valore-di-un-percorso-condiviso\/#primaryimage"},"image":{"@id":"https:\/\/lafeniceglobalservice.com\/it\/cena-aziendale-2025-il-valore-di-un-percorso-condiviso\/#primaryimage"},"thumbnailUrl":"https:\/\/lafeniceglobalservice.com\/wp-content\/uploads\/2026\/01\/Progetto-senza-titolo-2.png","datePublished":"2026-01-12T16:47:16+00:00","dateModified":"2026-01-12T16:51:05+00:00","description":"La Fenice Global Service celebra la Cena Aziendale 2025, un momento di condivisione per ripercorrere 14 anni di crescita, risultati raggiunti e il primo anno del nuovo assetto societario.","breadcrumb":{"@id":"https:\/\/lafeniceglobalservice.com\/it\/cena-aziendale-2025-il-valore-di-un-percorso-condiviso\/#breadcrumb"},"inLanguage":"it-IT","potentialAction":[{"@type":"ReadAction","target":["https:\/\/lafeniceglobalservice.com\/it\/cena-aziendale-2025-il-valore-di-un-percorso-condiviso\/"]}]},{"@type":"ImageObject","inLanguage":"it-IT","@id":"https:\/\/lafeniceglobalservice.com\/it\/cena-aziendale-2025-il-valore-di-un-percorso-condiviso\/#primaryimage","url":"https:\/\/lafeniceglobalservice.com\/wp-content\/uploads\/2026\/01\/Progetto-senza-titolo-2.png","contentUrl":"https:\/\/lafeniceglobalservice.com\/wp-content\/uploads\/2026\/01\/Progetto-senza-titolo-2.png","width":900,"height":450},{"@type":"BreadcrumbList","@id":"https:\/\/lafeniceglobalservice.com\/it\/cena-aziendale-2025-il-valore-di-un-percorso-condiviso\/#breadcrumb","itemListElement":[{"@type":"ListItem","position":1,"name":"Home","item":"https:\/\/lafeniceglobalservice.com\/"},{"@type":"ListItem","position":2,"name":"Cena Aziendale 2025: il valore di un percorso condiviso"}]},{"@type":"WebSite","@id":"https:\/\/lafeniceglobalservice.com\/#website","url":"https:\/\/lafeniceglobalservice.com\/","name":"Fenice Global Service","description":"","publisher":{"@id":"https:\/\/lafeniceglobalservice.com\/#organization"},"potentialAction":[{"@type":"SearchAction","target":{"@type":"EntryPoint","urlTemplate":"https:\/\/lafeniceglobalservice.com\/?s={search_term_string}"},"query-input":{"@type":"PropertyValueSpecification","valueRequired":true,"valueName":"search_term_string"}}],"inLanguage":"it-IT"},{"@type":"Organization","@id":"https:\/\/lafeniceglobalservice.com\/#organization","name":"Fenice Global Service","url":"https:\/\/lafeniceglobalservice.com\/","logo":{"@type":"ImageObject","inLanguage":"it-IT","@id":"https:\/\/lafeniceglobalservice.com\/#\/schema\/logo\/image\/","url":"https:\/\/lafeniceglobalservice.com\/wp-content\/uploads\/2023\/07\/logo-fenice.webp","contentUrl":"https:\/\/lafeniceglobalservice.com\/wp-content\/uploads\/2023\/07\/logo-fenice.webp","width":576,"height":156,"caption":"Fenice Global Service"},"image":{"@id":"https:\/\/lafeniceglobalservice.com\/#\/schema\/logo\/image\/"}},{"@type":"Person","@id":"https:\/\/lafeniceglobalservice.com\/#\/schema\/person\/2515464072be458c260bea115908fc71","name":"eva@artificio-comunicazione.it","image":{"@type":"ImageObject","inLanguage":"it-IT","@id":"https:\/\/lafeniceglobalservice.com\/#\/schema\/person\/image\/","url":"https:\/\/secure.gravatar.com\/avatar\/b9e328743a5b78d8a333c10690241f7eafe5f7dc8092dba0030b7aaff6eabe5a?s=96&d=mm&r=g","contentUrl":"https:\/\/secure.gravatar.com\/avatar\/b9e328743a5b78d8a333c10690241f7eafe5f7dc8092dba0030b7aaff6eabe5a?s=96&d=mm&r=g","caption":"eva@artificio-comunicazione.it"},"sameAs":["https:\/\/www.dev-artificio.it\/fenice"],"url":"https:\/\/lafeniceglobalservice.com\/it\/author\/evaartificio-comunicazione-it\/"}]}},"_links":{"self":[{"href":"https:\/\/lafeniceglobalservice.com\/it\/wp-json\/wp\/v2\/posts\/990068","targetHints":{"allow":["GET"]}}],"collection":[{"href":"https:\/\/lafeniceglobalservice.com\/it\/wp-json\/wp\/v2\/posts"}],"about":[{"href":"https:\/\/lafeniceglobalservice.com\/it\/wp-json\/wp\/v2\/types\/post"}],"author":[{"embeddable":true,"href":"https:\/\/lafeniceglobalservice.com\/it\/wp-json\/wp\/v2\/users\/1"}],"replies":[{"embeddable":true,"href":"https:\/\/lafeniceglobalservice.com\/it\/wp-json\/wp\/v2\/comments?post=990068"}],"version-history":[{"count":1,"href":"https:\/\/lafeniceglobalservice.com\/it\/wp-json\/wp\/v2\/posts\/990068\/revisions"}],"predecessor-version":[{"id":990069,"href":"https:\/\/lafeniceglobalservice.com\/it\/wp-json\/wp\/v2\/posts\/990068\/revisions\/990069"}],"wp:featuredmedia":[{"embeddable":true,"href":"https:\/\/lafeniceglobalservice.com\/it\/wp-json\/wp\/v2\/media\/990059"}],"wp:attachment":[{"href":"https:\/\/lafeniceglobalservice.com\/it\/wp-json\/wp\/v2\/media?parent=990068"}],"wp:term":[{"taxonomy":"category","embeddable":true,"href":"https:\/\/lafeniceglobalservice.com\/it\/wp-json\/wp\/v2\/categories?post=990068"},{"taxonomy":"post_tag","embeddable":true,"href":"https:\/\/lafeniceglobalservice.com\/it\/wp-json\/wp\/v2\/tags?post=990068"}],"curies":[{"name":"wp","href":"https:\/\/api.w.org\/{rel}","templated":true}]}}