{"id":990070,"date":"2026-01-12T17:56:50","date_gmt":"2026-01-12T16:56:50","guid":{"rendered":"https:\/\/lafeniceglobalservice.com\/?p=990070"},"modified":"2026-01-12T17:56:50","modified_gmt":"2026-01-12T16:56:50","slug":"benvenuto-a-bordo-paolo","status":"publish","type":"post","link":"https:\/\/lafeniceglobalservice.com\/it\/benvenuto-a-bordo-paolo\/","title":{"rendered":"Benvenuto a bordo, Paolo!"},"content":{"rendered":"<div class=\"vgblk-rw-wrapper limit-wrapper\">Siamo lieti di annunciare l\u2019ingresso di Paolo Camillo Malandra in La Fenice Global Service come nuovo Chief Operating Officer (COO).<\/p>\n<p>Paolo porta con s\u00e9 una lunga esperienza nel settore industriale, maturata in una realt\u00e0 internazionale come Kimberly-Clark Corporation, dove ha ricoperto il ruolo di Operations Manager.<\/p>\n<p>Il suo contributo sar\u00e0 determinante nel rafforzare l\u2019organizzazione operativa aziendale e nel supportare lo sviluppo strategico di La Fenice, con l\u2019obiettivo di consolidare ulteriormente efficienza, qualit\u00e0 e performance dei servizi offerti.<\/p>\n<p>Un ingresso che rappresenta un passo importante per la crescita del Gruppo: siamo felici di iniziare questo percorso insieme.<\/p>\n<p><em>(In foto con il nostro CEO, Daniele Delpin)<\/em><\/div>\n<p><!-- .vgblk-rw-wrapper --><\/p>\n","protected":false},"excerpt":{"rendered":"<p>Siamo lieti di annunciare l\u2019ingresso di Paolo Camillo Malandra in La Fenice Global Service come nuovo Chief Operating Officer (COO). Paolo porta con s\u00e9 una lunga esperienza nel settore industriale, maturata in una realt\u00e0 internazionale come Kimberly-Clark Corporation, dove ha ricoperto il ruolo di Operations Manager. Il suo contributo sar\u00e0 determinante nel rafforzare l\u2019organizzazione operativa&#8230;<\/p>\n","protected":false},"author":1,"featured_media":990062,"comment_status":"open","ping_status":"open","sticky":false,"template":"","format":"standard","meta":{"footnotes":""},"categories":[62],"tags":[],"class_list":["post-990070","post","type-post","status-publish","format-standard","has-post-thumbnail","hentry","category-press-release-it"],"yoast_head":"<!-- This site is optimized with the Yoast SEO plugin v25.8 - https:\/\/yoast.com\/wordpress\/plugins\/seo\/ -->\n<title>Benvenuto a bordo, Paolo! - Fenice Global Service<\/title>\n<meta name=\"description\" content=\"La Fenice Global Service annuncia l\u2019ingresso di Paolo Camillo Malandra come Chief Operating Officer, rafforzando l\u2019organizzazione operativa e lo sviluppo strategico del Gruppo.\" \/>\n<meta name=\"robots\" content=\"index, follow, max-snippet:-1, max-image-preview:large, max-video-preview:-1\" \/>\n<link rel=\"canonical\" href=\"https:\/\/lafeniceglobalservice.com\/it\/benvenuto-a-bordo-paolo\/\" \/>\n<meta property=\"og:locale\" content=\"it_IT\" \/>\n<meta property=\"og:type\" content=\"article\" \/>\n<meta property=\"og:title\" content=\"Benvenuto a bordo, Paolo! - Fenice Global Service\" \/>\n<meta property=\"og:description\" content=\"La Fenice Global Service annuncia l\u2019ingresso di Paolo Camillo Malandra come Chief Operating Officer, rafforzando l\u2019organizzazione operativa e lo sviluppo strategico del Gruppo.\" \/>\n<meta property=\"og:url\" content=\"https:\/\/lafeniceglobalservice.com\/it\/benvenuto-a-bordo-paolo\/\" \/>\n<meta property=\"og:site_name\" content=\"Fenice Global Service\" \/>\n<meta property=\"article:published_time\" content=\"2026-01-12T16:56:50+00:00\" \/>\n<meta property=\"og:image\" content=\"https:\/\/lafeniceglobalservice.com\/wp-content\/uploads\/2026\/01\/Progetto-senza-titolo-3.png\" \/>\n\t<meta property=\"og:image:width\" content=\"900\" \/>\n\t<meta property=\"og:image:height\" content=\"450\" \/>\n\t<meta property=\"og:image:type\" content=\"image\/png\" \/>\n<meta name=\"author\" content=\"eva@artificio-comunicazione.it\" \/>\n<meta name=\"twitter:card\" content=\"summary_large_image\" \/>\n<meta name=\"twitter:label1\" content=\"Scritto da\" \/>\n\t<meta name=\"twitter:data1\" content=\"eva@artificio-comunicazione.it\" \/>\n\t<meta name=\"twitter:label2\" content=\"Tempo di lettura stimato\" \/>\n\t<meta name=\"twitter:data2\" content=\"1 minuto\" \/>\n<script type=\"application\/ld+json\" class=\"yoast-schema-graph\">{\"@context\":\"https:\/\/schema.org\",\"@graph\":[{\"@type\":\"Article\",\"@id\":\"https:\/\/lafeniceglobalservice.com\/it\/benvenuto-a-bordo-paolo\/#article\",\"isPartOf\":{\"@id\":\"https:\/\/lafeniceglobalservice.com\/it\/benvenuto-a-bordo-paolo\/\"},\"author\":{\"name\":\"eva@artificio-comunicazione.it\",\"@id\":\"https:\/\/lafeniceglobalservice.com\/#\/schema\/person\/2515464072be458c260bea115908fc71\"},\"headline\":\"Benvenuto a bordo, Paolo!\",\"datePublished\":\"2026-01-12T16:56:50+00:00\",\"mainEntityOfPage\":{\"@id\":\"https:\/\/lafeniceglobalservice.com\/it\/benvenuto-a-bordo-paolo\/\"},\"wordCount\":111,\"commentCount\":0,\"publisher\":{\"@id\":\"https:\/\/lafeniceglobalservice.com\/#organization\"},\"image\":{\"@id\":\"https:\/\/lafeniceglobalservice.com\/it\/benvenuto-a-bordo-paolo\/#primaryimage\"},\"thumbnailUrl\":\"https:\/\/lafeniceglobalservice.com\/wp-content\/uploads\/2026\/01\/Progetto-senza-titolo-3.png\",\"articleSection\":[\"Press Release\"],\"inLanguage\":\"it-IT\",\"potentialAction\":[{\"@type\":\"CommentAction\",\"name\":\"Comment\",\"target\":[\"https:\/\/lafeniceglobalservice.com\/it\/benvenuto-a-bordo-paolo\/#respond\"]}]},{\"@type\":\"WebPage\",\"@id\":\"https:\/\/lafeniceglobalservice.com\/it\/benvenuto-a-bordo-paolo\/\",\"url\":\"https:\/\/lafeniceglobalservice.com\/it\/benvenuto-a-bordo-paolo\/\",\"name\":\"Benvenuto a bordo, Paolo! - Fenice Global Service\",\"isPartOf\":{\"@id\":\"https:\/\/lafeniceglobalservice.com\/#website\"},\"primaryImageOfPage\":{\"@id\":\"https:\/\/lafeniceglobalservice.com\/it\/benvenuto-a-bordo-paolo\/#primaryimage\"},\"image\":{\"@id\":\"https:\/\/lafeniceglobalservice.com\/it\/benvenuto-a-bordo-paolo\/#primaryimage\"},\"thumbnailUrl\":\"https:\/\/lafeniceglobalservice.com\/wp-content\/uploads\/2026\/01\/Progetto-senza-titolo-3.png\",\"datePublished\":\"2026-01-12T16:56:50+00:00\",\"description\":\"La Fenice Global Service annuncia l\u2019ingresso di Paolo Camillo Malandra come Chief Operating Officer, rafforzando l\u2019organizzazione operativa e lo sviluppo strategico del Gruppo.\",\"breadcrumb\":{\"@id\":\"https:\/\/lafeniceglobalservice.com\/it\/benvenuto-a-bordo-paolo\/#breadcrumb\"},\"inLanguage\":\"it-IT\",\"potentialAction\":[{\"@type\":\"ReadAction\",\"target\":[\"https:\/\/lafeniceglobalservice.com\/it\/benvenuto-a-bordo-paolo\/\"]}]},{\"@type\":\"ImageObject\",\"inLanguage\":\"it-IT\",\"@id\":\"https:\/\/lafeniceglobalservice.com\/it\/benvenuto-a-bordo-paolo\/#primaryimage\",\"url\":\"https:\/\/lafeniceglobalservice.com\/wp-content\/uploads\/2026\/01\/Progetto-senza-titolo-3.png\",\"contentUrl\":\"https:\/\/lafeniceglobalservice.com\/wp-content\/uploads\/2026\/01\/Progetto-senza-titolo-3.png\",\"width\":900,\"height\":450},{\"@type\":\"BreadcrumbList\",\"@id\":\"https:\/\/lafeniceglobalservice.com\/it\/benvenuto-a-bordo-paolo\/#breadcrumb\",\"itemListElement\":[{\"@type\":\"ListItem\",\"position\":1,\"name\":\"Home\",\"item\":\"https:\/\/lafeniceglobalservice.com\/\"},{\"@type\":\"ListItem\",\"position\":2,\"name\":\"Benvenuto a bordo, Paolo!\"}]},{\"@type\":\"WebSite\",\"@id\":\"https:\/\/lafeniceglobalservice.com\/#website\",\"url\":\"https:\/\/lafeniceglobalservice.com\/\",\"name\":\"Fenice Global Service\",\"description\":\"\",\"publisher\":{\"@id\":\"https:\/\/lafeniceglobalservice.com\/#organization\"},\"potentialAction\":[{\"@type\":\"SearchAction\",\"target\":{\"@type\":\"EntryPoint\",\"urlTemplate\":\"https:\/\/lafeniceglobalservice.com\/?s={search_term_string}\"},\"query-input\":{\"@type\":\"PropertyValueSpecification\",\"valueRequired\":true,\"valueName\":\"search_term_string\"}}],\"inLanguage\":\"it-IT\"},{\"@type\":\"Organization\",\"@id\":\"https:\/\/lafeniceglobalservice.com\/#organization\",\"name\":\"Fenice Global Service\",\"url\":\"https:\/\/lafeniceglobalservice.com\/\",\"logo\":{\"@type\":\"ImageObject\",\"inLanguage\":\"it-IT\",\"@id\":\"https:\/\/lafeniceglobalservice.com\/#\/schema\/logo\/image\/\",\"url\":\"https:\/\/lafeniceglobalservice.com\/wp-content\/uploads\/2023\/07\/logo-fenice.webp\",\"contentUrl\":\"https:\/\/lafeniceglobalservice.com\/wp-content\/uploads\/2023\/07\/logo-fenice.webp\",\"width\":576,\"height\":156,\"caption\":\"Fenice Global Service\"},\"image\":{\"@id\":\"https:\/\/lafeniceglobalservice.com\/#\/schema\/logo\/image\/\"}},{\"@type\":\"Person\",\"@id\":\"https:\/\/lafeniceglobalservice.com\/#\/schema\/person\/2515464072be458c260bea115908fc71\",\"name\":\"eva@artificio-comunicazione.it\",\"image\":{\"@type\":\"ImageObject\",\"inLanguage\":\"it-IT\",\"@id\":\"https:\/\/lafeniceglobalservice.com\/#\/schema\/person\/image\/\",\"url\":\"https:\/\/secure.gravatar.com\/avatar\/b9e328743a5b78d8a333c10690241f7eafe5f7dc8092dba0030b7aaff6eabe5a?s=96&d=mm&r=g\",\"contentUrl\":\"https:\/\/secure.gravatar.com\/avatar\/b9e328743a5b78d8a333c10690241f7eafe5f7dc8092dba0030b7aaff6eabe5a?s=96&d=mm&r=g\",\"caption\":\"eva@artificio-comunicazione.it\"},\"sameAs\":[\"https:\/\/www.dev-artificio.it\/fenice\"],\"url\":\"https:\/\/lafeniceglobalservice.com\/it\/author\/evaartificio-comunicazione-it\/\"}]}<\/script>\n<!-- \/ Yoast SEO plugin. -->","yoast_head_json":{"title":"Benvenuto a bordo, Paolo! - Fenice Global Service","description":"La Fenice Global Service annuncia l\u2019ingresso di Paolo Camillo Malandra come Chief Operating Officer, rafforzando l\u2019organizzazione operativa e lo sviluppo strategico del Gruppo.","robots":{"index":"index","follow":"follow","max-snippet":"max-snippet:-1","max-image-preview":"max-image-preview:large","max-video-preview":"max-video-preview:-1"},"canonical":"https:\/\/lafeniceglobalservice.com\/it\/benvenuto-a-bordo-paolo\/","og_locale":"it_IT","og_type":"article","og_title":"Benvenuto a bordo, Paolo! - Fenice Global Service","og_description":"La Fenice Global Service annuncia l\u2019ingresso di Paolo Camillo Malandra come Chief Operating Officer, rafforzando l\u2019organizzazione operativa e lo sviluppo strategico del Gruppo.","og_url":"https:\/\/lafeniceglobalservice.com\/it\/benvenuto-a-bordo-paolo\/","og_site_name":"Fenice Global Service","article_published_time":"2026-01-12T16:56:50+00:00","og_image":[{"width":900,"height":450,"url":"https:\/\/lafeniceglobalservice.com\/wp-content\/uploads\/2026\/01\/Progetto-senza-titolo-3.png","type":"image\/png"}],"author":"eva@artificio-comunicazione.it","twitter_card":"summary_large_image","twitter_misc":{"Scritto da":"eva@artificio-comunicazione.it","Tempo di lettura stimato":"1 minuto"},"schema":{"@context":"https:\/\/schema.org","@graph":[{"@type":"Article","@id":"https:\/\/lafeniceglobalservice.com\/it\/benvenuto-a-bordo-paolo\/#article","isPartOf":{"@id":"https:\/\/lafeniceglobalservice.com\/it\/benvenuto-a-bordo-paolo\/"},"author":{"name":"eva@artificio-comunicazione.it","@id":"https:\/\/lafeniceglobalservice.com\/#\/schema\/person\/2515464072be458c260bea115908fc71"},"headline":"Benvenuto a bordo, Paolo!","datePublished":"2026-01-12T16:56:50+00:00","mainEntityOfPage":{"@id":"https:\/\/lafeniceglobalservice.com\/it\/benvenuto-a-bordo-paolo\/"},"wordCount":111,"commentCount":0,"publisher":{"@id":"https:\/\/lafeniceglobalservice.com\/#organization"},"image":{"@id":"https:\/\/lafeniceglobalservice.com\/it\/benvenuto-a-bordo-paolo\/#primaryimage"},"thumbnailUrl":"https:\/\/lafeniceglobalservice.com\/wp-content\/uploads\/2026\/01\/Progetto-senza-titolo-3.png","articleSection":["Press Release"],"inLanguage":"it-IT","potentialAction":[{"@type":"CommentAction","name":"Comment","target":["https:\/\/lafeniceglobalservice.com\/it\/benvenuto-a-bordo-paolo\/#respond"]}]},{"@type":"WebPage","@id":"https:\/\/lafeniceglobalservice.com\/it\/benvenuto-a-bordo-paolo\/","url":"https:\/\/lafeniceglobalservice.com\/it\/benvenuto-a-bordo-paolo\/","name":"Benvenuto a bordo, Paolo! - Fenice Global Service","isPartOf":{"@id":"https:\/\/lafeniceglobalservice.com\/#website"},"primaryImageOfPage":{"@id":"https:\/\/lafeniceglobalservice.com\/it\/benvenuto-a-bordo-paolo\/#primaryimage"},"image":{"@id":"https:\/\/lafeniceglobalservice.com\/it\/benvenuto-a-bordo-paolo\/#primaryimage"},"thumbnailUrl":"https:\/\/lafeniceglobalservice.com\/wp-content\/uploads\/2026\/01\/Progetto-senza-titolo-3.png","datePublished":"2026-01-12T16:56:50+00:00","description":"La Fenice Global Service annuncia l\u2019ingresso di Paolo Camillo Malandra come Chief Operating Officer, rafforzando l\u2019organizzazione operativa e lo sviluppo strategico del Gruppo.","breadcrumb":{"@id":"https:\/\/lafeniceglobalservice.com\/it\/benvenuto-a-bordo-paolo\/#breadcrumb"},"inLanguage":"it-IT","potentialAction":[{"@type":"ReadAction","target":["https:\/\/lafeniceglobalservice.com\/it\/benvenuto-a-bordo-paolo\/"]}]},{"@type":"ImageObject","inLanguage":"it-IT","@id":"https:\/\/lafeniceglobalservice.com\/it\/benvenuto-a-bordo-paolo\/#primaryimage","url":"https:\/\/lafeniceglobalservice.com\/wp-content\/uploads\/2026\/01\/Progetto-senza-titolo-3.png","contentUrl":"https:\/\/lafeniceglobalservice.com\/wp-content\/uploads\/2026\/01\/Progetto-senza-titolo-3.png","width":900,"height":450},{"@type":"BreadcrumbList","@id":"https:\/\/lafeniceglobalservice.com\/it\/benvenuto-a-bordo-paolo\/#breadcrumb","itemListElement":[{"@type":"ListItem","position":1,"name":"Home","item":"https:\/\/lafeniceglobalservice.com\/"},{"@type":"ListItem","position":2,"name":"Benvenuto a bordo, Paolo!"}]},{"@type":"WebSite","@id":"https:\/\/lafeniceglobalservice.com\/#website","url":"https:\/\/lafeniceglobalservice.com\/","name":"Fenice Global Service","description":"","publisher":{"@id":"https:\/\/lafeniceglobalservice.com\/#organization"},"potentialAction":[{"@type":"SearchAction","target":{"@type":"EntryPoint","urlTemplate":"https:\/\/lafeniceglobalservice.com\/?s={search_term_string}"},"query-input":{"@type":"PropertyValueSpecification","valueRequired":true,"valueName":"search_term_string"}}],"inLanguage":"it-IT"},{"@type":"Organization","@id":"https:\/\/lafeniceglobalservice.com\/#organization","name":"Fenice Global Service","url":"https:\/\/lafeniceglobalservice.com\/","logo":{"@type":"ImageObject","inLanguage":"it-IT","@id":"https:\/\/lafeniceglobalservice.com\/#\/schema\/logo\/image\/","url":"https:\/\/lafeniceglobalservice.com\/wp-content\/uploads\/2023\/07\/logo-fenice.webp","contentUrl":"https:\/\/lafeniceglobalservice.com\/wp-content\/uploads\/2023\/07\/logo-fenice.webp","width":576,"height":156,"caption":"Fenice Global Service"},"image":{"@id":"https:\/\/lafeniceglobalservice.com\/#\/schema\/logo\/image\/"}},{"@type":"Person","@id":"https:\/\/lafeniceglobalservice.com\/#\/schema\/person\/2515464072be458c260bea115908fc71","name":"eva@artificio-comunicazione.it","image":{"@type":"ImageObject","inLanguage":"it-IT","@id":"https:\/\/lafeniceglobalservice.com\/#\/schema\/person\/image\/","url":"https:\/\/secure.gravatar.com\/avatar\/b9e328743a5b78d8a333c10690241f7eafe5f7dc8092dba0030b7aaff6eabe5a?s=96&d=mm&r=g","contentUrl":"https:\/\/secure.gravatar.com\/avatar\/b9e328743a5b78d8a333c10690241f7eafe5f7dc8092dba0030b7aaff6eabe5a?s=96&d=mm&r=g","caption":"eva@artificio-comunicazione.it"},"sameAs":["https:\/\/www.dev-artificio.it\/fenice"],"url":"https:\/\/lafeniceglobalservice.com\/it\/author\/evaartificio-comunicazione-it\/"}]}},"_links":{"self":[{"href":"https:\/\/lafeniceglobalservice.com\/it\/wp-json\/wp\/v2\/posts\/990070","targetHints":{"allow":["GET"]}}],"collection":[{"href":"https:\/\/lafeniceglobalservice.com\/it\/wp-json\/wp\/v2\/posts"}],"about":[{"href":"https:\/\/lafeniceglobalservice.com\/it\/wp-json\/wp\/v2\/types\/post"}],"author":[{"embeddable":true,"href":"https:\/\/lafeniceglobalservice.com\/it\/wp-json\/wp\/v2\/users\/1"}],"replies":[{"embeddable":true,"href":"https:\/\/lafeniceglobalservice.com\/it\/wp-json\/wp\/v2\/comments?post=990070"}],"version-history":[{"count":1,"href":"https:\/\/lafeniceglobalservice.com\/it\/wp-json\/wp\/v2\/posts\/990070\/revisions"}],"predecessor-version":[{"id":990071,"href":"https:\/\/lafeniceglobalservice.com\/it\/wp-json\/wp\/v2\/posts\/990070\/revisions\/990071"}],"wp:featuredmedia":[{"embeddable":true,"href":"https:\/\/lafeniceglobalservice.com\/it\/wp-json\/wp\/v2\/media\/990062"}],"wp:attachment":[{"href":"https:\/\/lafeniceglobalservice.com\/it\/wp-json\/wp\/v2\/media?parent=990070"}],"wp:term":[{"taxonomy":"category","embeddable":true,"href":"https:\/\/lafeniceglobalservice.com\/it\/wp-json\/wp\/v2\/categories?post=990070"},{"taxonomy":"post_tag","embeddable":true,"href":"https:\/\/lafeniceglobalservice.com\/it\/wp-json\/wp\/v2\/tags?post=990070"}],"curies":[{"name":"wp","href":"https:\/\/api.w.org\/{rel}","templated":true}]}}